[{"@context":"https:\/\/schema.org\/","@type":"Article","@id":"https:\/\/www.dpress.cz\/doprejte-si-chvili-pohody-v-zamkovem-komplexu\/#Article","mainEntityOfPage":"https:\/\/www.dpress.cz\/doprejte-si-chvili-pohody-v-zamkovem-komplexu\/","headline":"Dop\u0159ejte si chv\u00edli pohody v z\u00e1mkov\u00e9m komplexu","name":"Dop\u0159ejte si chv\u00edli pohody v z\u00e1mkov\u00e9m komplexu","description":"Jestli\u017ee existuje n\u011bjak\u00fd z\u00e1mkov\u00fd komplex v \u010cesk\u00e9 republice, kter\u00fd by stal za nav\u0161t\u00edven\u00ed, je to zcela jist\u011b Lednicko-valtick\u00fd are\u00e1l. Mo\u017en\u00e1 se pt\u00e1te, pro\u010d pr\u00e1v\u011b tohle uskupen\u00ed historick\u00fdch objekt\u016f na jihu Moravy? D\u016fvod\u016f je mnoho, proto si vyberte ten sv\u016fj, d\u00edky kter\u00e9mu se do t\u00e9to kr\u00e1sn\u00e9 oblasti vyd\u00e1te: \u2013 Nekone\u010dn\u00e1 s\u00ed\u0165 cyklostezek pro v\u0161echny \u00farovn\u011b cyklist\u016f [&hellip;]","datePublished":"2019-10-26","dateModified":"2024-02-19","author":{"@type":"Person","@id":"https:\/\/www.dpress.cz\/author\/#Person","name":"dpress.cz\n","url":"https:\/\/www.dpress.cz\/author\/","identifier":1,"image":{"@type":"ImageObject","@id":"https:\/\/secure.gravatar.com\/avatar\/a4f7f6499f3b2a0764d0773f1f5d74780987cfbea7e736c0e74f6185bb257971?s=96&d=mm&r=g","url":"https:\/\/secure.gravatar.com\/avatar\/a4f7f6499f3b2a0764d0773f1f5d74780987cfbea7e736c0e74f6185bb257971?s=96&d=mm&r=g","height":96,"width":96}},"publisher":{"@type":"Organization","name":"dpress.cz","logo":{"@type":"ImageObject","@id":"\/logo.png","url":"\/logo.png","width":600,"height":60}},"image":{"@type":"ImageObject","@id":"https:\/\/www.dpress.cz\/wp-content\/uploads\/img_a365203_w1919_t1578217482.jpg","url":"https:\/\/www.dpress.cz\/wp-content\/uploads\/img_a365203_w1919_t1578217482.jpg","height":0,"width":0},"url":"https:\/\/www.dpress.cz\/doprejte-si-chvili-pohody-v-zamkovem-komplexu\/","about":["Slu\u017eby"],"wordCount":421,"articleBody":"        Jestli\u017ee existuje n\u011bjak\u00fd z\u00e1mkov\u00fd komplex v \u010cesk\u00e9 republice, kter\u00fd by stal za nav\u0161t\u00edven\u00ed, je to zcela jist\u011b Lednicko-valtick\u00fd are\u00e1l. Mo\u017en\u00e1 se pt\u00e1te, pro\u010d pr\u00e1v\u011b tohle uskupen\u00ed historick\u00fdch objekt\u016f na jihu Moravy? D\u016fvod\u016f je mnoho, proto si vyberte ten sv\u016fj, d\u00edky kter\u00e9mu se do t\u00e9to kr\u00e1sn\u00e9 oblasti vyd\u00e1te: \u2013 Nekone\u010dn\u00e1 s\u00ed\u0165 cyklostezek pro v\u0161echny \u00farovn\u011b cyklist\u016f \u2013 V\u0161udyp\u0159\u00edtomn\u00e1 v\u00fdroba v\u00edna, mno\u017estv\u00ed vinn\u00fdch skl\u00edpk\u016f a degustac\u00ed \u2013 St\u00e1le kr\u00e1sn\u00e9 po\u010das\u00ed, obzvl\u00e1\u0161t\u011b p\u0159es letn\u00ed m\u011bs\u00edce \u2013 Pozitivn\u00ed n\u00e1lada, kter\u00e1 tkv\u00ed z kr\u00e1sn\u00e9ho prost\u0159ed\u00ed ji\u017en\u00ed Moravy  Chcete-li poznat kr\u00e1snou \u010d\u00e1st \u010cesk\u00e9 republiky, m\u011bli byste se do Lednice a p\u0159ilehl\u00fdch oblast\u00ed vydat. Rozhodn\u011b v\u0161ak ne jenom na v\u00edkend nebo t\u0159eba jeden den. Naopak, m\u011bli byste si ud\u011blat v\u00fdlet a z\u016fstat tady t\u0159eba cel\u00fd t\u00fdden. Pro takov\u00e9 situace se v\u00e1m bude hodit vhodn\u00e9 lednick\u00e9 ubytov\u00e1n\u00ed, a to v n\u011bkter\u00e9m z hotel\u016f, kter\u00e9 jsou v\u00e1m k dispozici. D\u00edky tomu se nebudete muset omezovat, a to ani v denn\u00edch aktivit\u00e1ch, ale tak\u00e9 t\u0159eba v pit\u00ed alkoholick\u00fdch n\u00e1poj\u016f, kter\u00e9 si dop\u0159ejete.   Je t\u0159eba nezam\u011bnit z\u00e1mek s elektrospot\u0159ebi\u010dem Zvl\u00e1\u0161tn\u00ed n\u00e1zev pro z\u00e1mek dal za vznik mnoha nedorozum\u011bn\u00edm a vtipn\u00fdm situac\u00edm. Vy v\u0161ak ur\u010dit\u011b v\u00edte, \u017ee kdy\u017e se vyd\u00e1te do Lednice, znamen\u00e1 to, \u017ee jste si ud\u011blali v\u00fdlet na ji\u017en\u00ed Moravu, nikoliv do kuchyn\u011b. Pakli\u017ee by to v\u0161ak n\u011bkdo st\u00e1le nech\u00e1pal, nev\u00e1hejte jej vz\u00edt s sebou na v\u00fdlet, kter\u00fd si ur\u010dit\u011b budete u\u017e\u00edvat nejenom vy, ale v\u0161ichni ostatn\u00ed, se kter\u00fdmi se do t\u00e9to oblasti vyd\u00e1te. Tolik zaj\u00edmav\u00fdch aktivit rozhodn\u011b stoj\u00ed za to, abyste si u\u017eili b\u00e1je\u010dn\u00fdch chvil s n\u011bk\u00fdm, koho m\u00e1te r\u00e1di. A\u0165 u\u017e proto m\u00e1te v pl\u00e1nu pojmout pobyt zde v ak\u010dn\u011bj\u0161\u00edm duchu nebo naopak velmi poklidn\u011b, m\u016f\u017eete se t\u011b\u0161it na to, \u017ee tohle je z\u00e1le\u017eitost, kter\u00e1 zkr\u00e1tka stoj\u00ed za absolvov\u00e1n\u00ed. Proto s chut\u00ed do pl\u00e1nov\u00e1n\u00ed a objeven\u00ed t\u0159eba nov\u00e9ho m\u00edsta, kter\u00e9 si najde prostor ve va\u0161ich vzpom\u00ednk\u00e1ch.                                                                                                                                                                                                                                                                                                                                                                                          3.5\/5 - (10 votes)        "},{"@context":"https:\/\/schema.org\/","@type":"BreadcrumbList","itemListElement":[{"@type":"ListItem","position":1,"name":"Dop\u0159ejte si chv\u00edli pohody v z\u00e1mkov\u00e9m komplexu","item":"https:\/\/www.dpress.cz\/doprejte-si-chvili-pohody-v-zamkovem-komplexu\/#breadcrumbitem"}]}]