[{"@context":"https:\/\/schema.org\/","@type":"Article","@id":"https:\/\/www.dpress.cz\/jaky-vanocni-darek-koupit-kdyz-dnes-uz-vsichni-vsechno-maji\/#Article","mainEntityOfPage":"https:\/\/www.dpress.cz\/jaky-vanocni-darek-koupit-kdyz-dnes-uz-vsichni-vsechno-maji\/","headline":"Jak\u00fd V\u00e1no\u010dn\u00ed d\u00e1rek koupit, kdy\u017e dnes u\u017e v\u0161ichni v\u0161echno maj\u00ed?","name":"Jak\u00fd V\u00e1no\u010dn\u00ed d\u00e1rek koupit, kdy\u017e dnes u\u017e v\u0161ichni v\u0161echno maj\u00ed?","description":"V\u00e1noce jsou symbolem klidu, m\u00edru s l\u00e1sky. Po stalet\u00ed se tyto sv\u00e1tky slavily v rodinn\u00e9m kruhu, lid\u00e9 se oprostili od starostn\u00ed b\u011b\u017en\u00e9ho dne a u\u017e\u00edvali si je po boku sv\u00fdch nejbli\u017e\u0161\u00edch. V dne\u0161n\u00ed usp\u011bchan\u00e9 dob\u011b se v\u0161ak podstata t\u011bchto sv\u00e1tk\u016f pom\u011brn\u011b dost zm\u011bnila. Nejen, \u017ee se v\u011bt\u0161ina lid\u00ed odpoutala od k\u0159es\u0165ansk\u00e9 v\u00edry, jej\u00ed\u017e napl\u0148ov\u00e1n\u00ed d\u00e1v\u00e1 [&hellip;]","datePublished":"2025-03-07","dateModified":"2023-04-28","author":{"@type":"Person","@id":"https:\/\/www.dpress.cz\/author\/#Person","name":"dpress.cz\n","url":"https:\/\/www.dpress.cz\/author\/","identifier":1,"image":{"@type":"ImageObject","@id":"https:\/\/secure.gravatar.com\/avatar\/a4f7f6499f3b2a0764d0773f1f5d74780987cfbea7e736c0e74f6185bb257971?s=96&d=mm&r=g","url":"https:\/\/secure.gravatar.com\/avatar\/a4f7f6499f3b2a0764d0773f1f5d74780987cfbea7e736c0e74f6185bb257971?s=96&d=mm&r=g","height":96,"width":96}},"publisher":{"@type":"Organization","name":"dpress.cz","logo":{"@type":"ImageObject","@id":"\/logo.png","url":"\/logo.png","width":600,"height":60}},"image":{"@type":"ImageObject","@id":"https:\/\/www.dpress.cz\/wp-content\/uploads\/img_a303196_w1919_t1513371377.jpg","url":"https:\/\/www.dpress.cz\/wp-content\/uploads\/img_a303196_w1919_t1513371377.jpg","height":0,"width":0},"url":"https:\/\/www.dpress.cz\/jaky-vanocni-darek-koupit-kdyz-dnes-uz-vsichni-vsechno-maji\/","about":["N\u00e1kupy"],"wordCount":398,"articleBody":" V\u00e1noce jsou symbolem klidu, m\u00edru s l\u00e1sky. Po stalet\u00ed se tyto sv\u00e1tky slavily v rodinn\u00e9m kruhu, lid\u00e9 se oprostili od starostn\u00ed b\u011b\u017en\u00e9ho dne a u\u017e\u00edvali si je po boku sv\u00fdch nejbli\u017e\u0161\u00edch. V dne\u0161n\u00ed usp\u011bchan\u00e9 dob\u011b se v\u0161ak podstata t\u011bchto sv\u00e1tk\u016f pom\u011brn\u011b dost zm\u011bnila. Nejen, \u017ee se v\u011bt\u0161ina lid\u00ed odpoutala od k\u0159es\u0165ansk\u00e9 v\u00edry, jej\u00ed\u017e napl\u0148ov\u00e1n\u00ed d\u00e1v\u00e1 t\u011bmto sv\u00e1tk\u016fm tu pravou atmosf\u00e9ru, ale jak se zd\u00e1, tak dokonce i p\u0159estali ch\u00e1pat, o \u010dem V\u00e1noce vlastn\u011b jsou. Lid\u00e9 zoufale a unaven\u011b sh\u00e1n\u011bj\u00ed drah\u00e9 dary, aby se zavd\u011b\u010dili sv\u00e9mu okol\u00ed, nebo vyrovnali ostatn\u00edm, ale ani nemysl\u00ed na to, co by jejich bl\u00edzk\u00e9 opravdu du\u0161evn\u011b naplnilo. . V\u0161e se ale ned\u00e1 vyj\u00e1d\u0159it materi\u00e1ln\u00edmi statky. Mnoz\u00ed lid\u00e9 (a je\u0161t\u011b v\u00edce se to podepisuje na d\u011btech) jsou toti\u017e obklopeni v\u011bcmi, kter\u00e9 vlastn\u011b v\u017edy cht\u011bli, u\u017e ani nev\u011bd\u00ed, co by si m\u011bli p\u0159\u00e1t. To zajist\u00e9 nen\u00ed \u00fapln\u011b dobr\u00e9, kdy\u017e \u010dlov\u011bk nem\u00e1 \u017e\u00e1dnou motivaci do budoucna, nic k \u010demu by se mohl upnout, co by bylo jeho hnac\u00edm motorem. P\u0159esto chceme sv\u00e9 p\u0159\u00edbuzn\u00e9 pot\u011b\u0161it. Co tedy sv\u00fdm nebli\u017e\u0161\u00edm po\u0159\u00eddit, aby byli o V\u00e1noc\u00edch pot\u011b\u0161eni a z\u00e1rove\u0148 p\u0159ekvapeni? Vsa\u010fte na z\u00e1\u017eitky! D\u00e1rky v podob\u011b z\u00e1\u017eitkov\u00fdch poukaz\u016f se staly fenom\u00e9nem posledn\u00edch let. Po\u0159izuj\u00ed se nejen s sv\u00e1tk\u016fm a narozenin\u00e1m, ale pr\u00e1v\u011b i V\u00e1noc\u016fm. Nemus\u00edte se b\u00e1t, \u017ee byste nena\u0161li oblast, kter\u00e1 je Va\u0161emu bli\u017en\u00edmu obl\u00edben\u00e1. M\u016f\u017eete zakoupit d\u00e1rkov\u00fd poukaz do obl\u00edben\u00e9 restaurace, divadla, na adrenalinov\u00fd z\u00e1\u017eitek, \u010di vzd\u011bl\u00e1vac\u00edho kurzu. Internetov\u00e9 obchody jich nab\u00edz\u00ed tis\u00edce, tak\u017ee si ur\u010dit\u011b vyberete. M\u016f\u017eete si b\u00fdt jisti, \u017ee s t\u00edmto d\u00e1rkem nikdy nezklamete. Pokud zn\u00e1te sv\u00e9ho p\u0159\u00edbuzn\u00e9ho opravdu dob\u0159e a v\u00edte, jak\u00e9 m\u00e1 z\u00e1liby, bude z Va\u0161eho d\u00e1rku nad\u0161en a nav\u00edc se nemus\u00edte ob\u00e1vat, \u017ee koup\u00edte nevhodn\u00fd d\u00e1rek, pop\u0159\u00edpad\u011b \u017ee dostane dva stejn\u00e9 d\u00e1rky.                                                                                                                                                                                                                                                                                                                                                                                        4.3\/5 - (3 votes)        "},{"@context":"https:\/\/schema.org\/","@type":"BreadcrumbList","itemListElement":[{"@type":"ListItem","position":1,"name":"Jak\u00fd V\u00e1no\u010dn\u00ed d\u00e1rek koupit, kdy\u017e dnes u\u017e v\u0161ichni v\u0161echno maj\u00ed?","item":"https:\/\/www.dpress.cz\/jaky-vanocni-darek-koupit-kdyz-dnes-uz-vsichni-vsechno-maji\/#breadcrumbitem"}]}]