[{"@context":"https:\/\/schema.org\/","@type":"Article","@id":"https:\/\/www.dpress.cz\/usetrena-prace\/#Article","mainEntityOfPage":"https:\/\/www.dpress.cz\/usetrena-prace\/","headline":"U\u0161et\u0159en\u00e1 pr\u00e1ce","name":"U\u0161et\u0159en\u00e1 pr\u00e1ce","description":"Jsou r\u016fzn\u00e9 firmy a velk\u00e9 skladovac\u00ed prostory, kde samoz\u0159ejm\u011b lid\u00e9 ocen\u00ed skladov\u00fd kontejner. J\u00e1 jsem se s n\u00edm u\u017e taky mnohokr\u00e1t setkala, proto\u017ee jsem pracovala ve skladu, kde se skladoval pap\u00edr. Byl to pap\u00edr odpadov\u00fd, kter\u00fd se potom dal poctiv\u011b recykluje. Tak\u017ee jsme tam ve skladu taky m\u011bli skladov\u00e9 kontejnery. A ne jenom jeden. M\u011bli [&hellip;]","datePublished":"2022-10-28","dateModified":"2023-07-21","author":{"@type":"Person","@id":"https:\/\/www.dpress.cz\/author\/#Person","name":"dpress.cz\n","url":"https:\/\/www.dpress.cz\/author\/","identifier":1,"image":{"@type":"ImageObject","@id":"https:\/\/secure.gravatar.com\/avatar\/a4f7f6499f3b2a0764d0773f1f5d74780987cfbea7e736c0e74f6185bb257971?s=96&d=mm&r=g","url":"https:\/\/secure.gravatar.com\/avatar\/a4f7f6499f3b2a0764d0773f1f5d74780987cfbea7e736c0e74f6185bb257971?s=96&d=mm&r=g","height":96,"width":96}},"publisher":{"@type":"Organization","name":"dpress.cz","logo":{"@type":"ImageObject","@id":"\/logo.png","url":"\/logo.png","width":600,"height":60}},"image":{"@type":"ImageObject","@id":"https:\/\/www.dpress.cz\/wp-content\/uploads\/belgium-1601918_960_720.jpg","url":"https:\/\/www.dpress.cz\/wp-content\/uploads\/belgium-1601918_960_720.jpg","height":0,"width":0},"url":"https:\/\/www.dpress.cz\/usetrena-prace\/","about":["Slu\u017eby"],"wordCount":400,"articleBody":"       Jsou r\u016fzn\u00e9 firmy a velk\u00e9 skladovac\u00ed prostory, kde samoz\u0159ejm\u011b lid\u00e9 ocen\u00ed skladov\u00fd kontejner. J\u00e1 jsem se s n\u00edm u\u017e taky mnohokr\u00e1t setkala, proto\u017ee jsem pracovala ve skladu, kde se skladoval pap\u00edr. Byl to pap\u00edr odpadov\u00fd, kter\u00fd se potom dal poctiv\u011b recykluje. Tak\u017ee jsme tam ve skladu taky m\u011bli skladov\u00e9 kontejnery. A ne jenom jeden. M\u011bli jsme tam opravdu hodn\u011b skladovac\u00edch kontejner\u016f, kter\u00e9 taky m\u011bli r\u016fzn\u00e9 velikosti. \u0158ekla jsem si, \u017ee to mus\u00ed b\u00fdt opravdu pohodln\u00e9, pracovat s t\u011bmito skladov\u00fdmi kontejnery, proto\u017ee d\u0159\u00edve jsme to d\u011blali \u00fapln\u011b jinak. A d\u0159\u00edve to v\u0161echno bylo na palet\u00e1ch.D\u0159\u00edve se to taky v\u0161echno muselo lisovat tak, aby to potom \u0161lo v\u0161echno p\u011bkn\u011b omotat prov\u00e1zkem. Nyn\u00ed je to \u00fapln\u011b jin\u00e9. A pr\u00e1v\u011b d\u00edky skladov\u00fdm kontejner\u016fm m\u00e1me v pr\u00e1ci u\u0161et\u0159enou a usnadn\u011bnou n\u00e1mahu. Nav\u00edc taky m\u011b pot\u011b\u0161ilo, \u017ee k n\u00e1m do pr\u00e1ce \u0161el pracovat m\u016fj bratr. Moc dob\u0159e si rozum\u00edme, tak\u017ee jsem si \u0159ekla, \u017ee u n\u00e1s v pr\u00e1ci bude alespo\u0148 je\u0161t\u011b v\u011bt\u0161\u00ed z\u00e1bava. Bratr \u0159ekl, \u017ee kdy\u017e d\u0159\u00edve pracoval v jin\u00e9 pr\u00e1ci, tak mu tam taky chyb\u011bly skladovac\u00ed kontejnery.On pracoval zase v \u017eelez\u00e1\u0159stv\u00ed, kde pracovali s velk\u00fdmi kusy \u017eeleza. Taky to \u017eelezo vykupovali a bratr mi \u0159ekl, \u017ee u\u017e absolutn\u011b nem\u011bli kam skladovat \u017eelezo. Sice na to m\u011bli r\u016fzn\u00e9 kontejnery, ale byly takov\u00e9 mal\u00e9, \u017ee bratrovi chyb\u011bl opravdu velk\u00fd skladovac\u00ed kontejner. Bohu\u017eel se bratr takov\u00e9ho velk\u00e9ho skladovac\u00edho kontejneru v\u016fbec v pr\u00e1ci nedo\u010dkal, tak \u0159ekl, \u017ee ne\u017e aby si strhal z\u00e1da, \u017ee rad\u011bji z pr\u00e1ce odejde. A jak \u0159ekl, tak taky ud\u011blal. A nyn\u00ed pracuje u m\u011b v pap\u00edrensk\u00e9m pr\u016fmyslu, kde se zab\u00fdv\u00e1me odpadov\u00fdm pap\u00edrem, kde ale m\u00e1me skladovac\u00ed kontejnery, kter\u00e9 n\u00e1m v\u0161em zam\u011bstnanc\u016fm usnadnili velmi pr\u00e1ci. A pokud i vy tou\u017e\u00edte si usnadnit pr\u00e1ci d\u00edky skladov\u00fdm kontejner\u016fm, tak se zkuste zeptat sv\u00e9ho \u0161\u00e9fa. Mysl\u00edm si, \u017ee by s t\u00edm mohl n\u011bco ud\u011blat. Sl\u00e1va pr\u00e1ci, kter\u00e1 jde usnadnit.                                                                                                                                                                                                                                                                                                                                                                                           4.7\/5 - (7 votes)        "},{"@context":"https:\/\/schema.org\/","@type":"BreadcrumbList","itemListElement":[{"@type":"ListItem","position":1,"name":"U\u0161et\u0159en\u00e1 pr\u00e1ce","item":"https:\/\/www.dpress.cz\/usetrena-prace\/#breadcrumbitem"}]}]