[{"@context":"https:\/\/schema.org\/","@type":"Article","@id":"https:\/\/www.dpress.cz\/vse-od-nas-vas-nadchne\/#Article","mainEntityOfPage":"https:\/\/www.dpress.cz\/vse-od-nas-vas-nadchne\/","headline":"V\u0161e od n\u00e1s V\u00e1s nadchne","name":"V\u0161e od n\u00e1s V\u00e1s nadchne","description":"Pokud jste vyznava\u010di letn\u00ed dovolen\u00e9 u mo\u0159e, pak je nab\u00eddka Chorvatsko dovolen\u00e1, t\u00edm prav\u00fdm tipem pro V\u00e1s. T\u00fddenn\u00ed opalov\u00e1n\u00ed, le\u017een\u00ed na pl\u00e1\u017ei, vodn\u00ed radov\u00e1nky si po celoro\u010dn\u00ed pr\u00e1ci zaslou\u017e\u00ed ka\u017ed\u00fd z n\u00e1s. Chorvatsko nab\u00edz\u00ed kr\u00e1sn\u00e9 \u010dist\u00e9 pl\u00e1\u017ee po cel\u00e9m pob\u0159e\u017e\u00ed Jadranu, azurov\u00e9 mo\u0159e a ty nejvst\u0159\u00edcn\u011bj\u0161\u00ed obyvatele, kte\u0159\u00ed se na svoje turisty ka\u017edoro\u010dn\u011b t\u011b\u0161\u00ed. Apartm\u00e1ny [&hellip;]","datePublished":"2025-04-24","dateModified":"2025-04-24","author":{"@type":"Person","@id":"https:\/\/www.dpress.cz\/author\/#Person","name":"dpress.cz\n","url":"https:\/\/www.dpress.cz\/author\/","identifier":1,"image":{"@type":"ImageObject","@id":"https:\/\/secure.gravatar.com\/avatar\/a4f7f6499f3b2a0764d0773f1f5d74780987cfbea7e736c0e74f6185bb257971?s=96&d=mm&r=g","url":"https:\/\/secure.gravatar.com\/avatar\/a4f7f6499f3b2a0764d0773f1f5d74780987cfbea7e736c0e74f6185bb257971?s=96&d=mm&r=g","height":96,"width":96}},"publisher":{"@type":"Organization","name":"dpress.cz","logo":{"@type":"ImageObject","@id":"\/logo.png","url":"\/logo.png","width":600,"height":60}},"url":"https:\/\/www.dpress.cz\/vse-od-nas-vas-nadchne\/","wordCount":158,"articleBody":"Pokud jste vyznava\u010di letn\u00ed dovolen\u00e9 u mo\u0159e, pak je nab\u00eddka Chorvatsko dovolen\u00e1, t\u00edm prav\u00fdm tipem pro V\u00e1s. T\u00fddenn\u00ed opalov\u00e1n\u00ed, le\u017een\u00ed na pl\u00e1\u017ei, vodn\u00ed radov\u00e1nky si po celoro\u010dn\u00ed pr\u00e1ci zaslou\u017e\u00ed ka\u017ed\u00fd z n\u00e1s. Chorvatsko nab\u00edz\u00ed kr\u00e1sn\u00e9 \u010dist\u00e9 pl\u00e1\u017ee po cel\u00e9m pob\u0159e\u017e\u00ed Jadranu, azurov\u00e9 mo\u0159e a ty nejvst\u0159\u00edcn\u011bj\u0161\u00ed obyvatele, kte\u0159\u00ed se na svoje turisty ka\u017edoro\u010dn\u011b t\u011b\u0161\u00ed. Apartm\u00e1ny V\u00e1s nezklamou Ka\u017ed\u00fd majitel, kter\u00fd pronaj\u00edm\u00e1 turist\u016fm pokoje, nab\u00edz\u00ed to nejlep\u0161\u00ed ze sv\u00e9ho ubytov\u00e1n\u00ed, proto\u017ee je si v\u011bdom, \u017ee dobr\u00e9 doporu\u010den\u00ed mu zajist\u00ed pln\u011b obsazen\u00e9 pokoje na celou dal\u0161\u00ed sez\u00f3nu. Chorvat\u00e9 sv\u00e9 turisty miluj\u00ed a tak\u00e9 si je h\u00fd\u010dkaj\u00ed. Na na\u0161em webu naleznete nab\u00eddku ubytov\u00e1n\u00ed rozd\u011blenou podle jednotliv\u00fdch oblast\u00ed a m\u011bst. D\u00e1le m\u016f\u017eete vyhled\u00e1vat podle cen.                                                                                                                                                                                                                                                                                                                                                                                                 "},{"@context":"https:\/\/schema.org\/","@type":"BreadcrumbList","itemListElement":[{"@type":"ListItem","position":1,"name":"V\u0161e od n\u00e1s V\u00e1s nadchne","item":"https:\/\/www.dpress.cz\/vse-od-nas-vas-nadchne\/#breadcrumbitem"}]}]