[{"@context":"https:\/\/schema.org\/","@type":"Article","@id":"https:\/\/www.dpress.cz\/zaznamenejte-si-vas-velky-den\/#Article","mainEntityOfPage":"https:\/\/www.dpress.cz\/zaznamenejte-si-vas-velky-den\/","headline":"Zaznamenejte si v\u00e1\u0161 velk\u00fd den","name":"Zaznamenejte si v\u00e1\u0161 velk\u00fd den","description":"Svatba je velk\u00fdm dnem nejen pro nev\u011bstu a \u017eenicha, ale tak\u00e9 pro svateb\u010dany. Jedn\u00e1 se o jedine\u010dn\u00fd okam\u017eik, kter\u00fd v\u00a0lep\u0161\u00edm p\u0159\u00edpad\u011b za\u017eijete za \u017eivot jen jednou, proto byste m\u011bli myslet na to, abyste jej m\u011bli \u0159\u00e1dn\u011b zdokumentovan\u00fd. Origin\u00e1ln\u00ed a netradi\u010dn\u00ed fotografie profesion\u00e1ln\u00edho fotografa v\u00e1m va\u0161i svatbu v\u017edycky p\u0159ipomenou, budou hezkou vzpom\u00ednkou na tento den a [&hellip;]","datePublished":"2023-04-28","dateModified":"2023-04-28","author":{"@type":"Person","@id":"https:\/\/www.dpress.cz\/author\/#Person","name":"dpress.cz\n","url":"https:\/\/www.dpress.cz\/author\/","identifier":1,"image":{"@type":"ImageObject","@id":"https:\/\/secure.gravatar.com\/avatar\/a4f7f6499f3b2a0764d0773f1f5d74780987cfbea7e736c0e74f6185bb257971?s=96&d=mm&r=g","url":"https:\/\/secure.gravatar.com\/avatar\/a4f7f6499f3b2a0764d0773f1f5d74780987cfbea7e736c0e74f6185bb257971?s=96&d=mm&r=g","height":96,"width":96}},"publisher":{"@type":"Organization","name":"dpress.cz","logo":{"@type":"ImageObject","@id":"\/logo.png","url":"\/logo.png","width":600,"height":60}},"url":"https:\/\/www.dpress.cz\/zaznamenejte-si-vas-velky-den\/","about":["Slu\u017eby"],"wordCount":568,"articleBody":"Svatba je velk\u00fdm dnem nejen pro nev\u011bstu a \u017eenicha, ale tak\u00e9 pro svateb\u010dany. Jedn\u00e1 se o jedine\u010dn\u00fd okam\u017eik, kter\u00fd v\u00a0lep\u0161\u00edm p\u0159\u00edpad\u011b za\u017eijete za \u017eivot jen jednou, proto byste m\u011bli myslet na to, abyste jej m\u011bli \u0159\u00e1dn\u011b zdokumentovan\u00fd. Origin\u00e1ln\u00ed a netradi\u010dn\u00ed fotografie profesion\u00e1ln\u00edho fotografa v\u00e1m va\u0161i svatbu v\u017edycky p\u0159ipomenou, budou hezkou vzpom\u00ednkou na tento den a m\u016f\u017eete se s\u00a0nimi chlubit u kamar\u00e1d\u016f a zn\u00e1m\u00fdch.Podle \u010deho vyb\u00edrat svatebn\u00edho fotografa?Jednou mo\u017enost\u00ed je, \u017ee v\u00e1m svatbu nafot\u00ed kamar\u00e1d nebo n\u011bkdo z\u00a0rodiny. Pokud jsou v\u00e1\u0161niv\u00fdmi fotografy a v\u00edte, \u017ee jejich fotografie se v\u00e1m l\u00edb\u00ed, rozhodn\u011b je to dobr\u00fd n\u00e1pad. Pokud v\u0161ak \u010dlov\u011bk nem\u00e1 s\u00a0focen\u00edm zku\u0161enosti, bude pro n\u011bj velmi t\u011b\u017ek\u00e9 zdokumentovat ud\u00e1lost jako je svatba. V\u00a0tomto p\u0159\u00edpad\u011b pop\u0159em\u00fd\u0161lejte, zda neinvestujete do profesion\u00e1ln\u00edho fotografa, kter\u00fd bude v\u011bd\u011bt co a jak.1.\u00a0\u00a0\u00a0\u00a0\u00a0\u00a0 Podle autorsk\u00e9ho stylu fotografaP\u0159i v\u00fdb\u011bru fotografa byste m\u011bli vyb\u00edrat zejm\u00e9na dle jeho portfolia, pokud m\u00e1 nap\u0159\u00edklad na str\u00e1nk\u00e1ch jen m\u00e1lo uk\u00e1zek, nev\u00e1hejte ho kontaktovat, aby v\u00e1m zaslal v\u00edce sn\u00edmk\u016f p\u0159\u00edmo ze svateb. Nikdy nevyb\u00edrejte nikoho \u201enaslepo\u201c.V\u017edycky je lep\u0161\u00ed vid\u011bt fotografie z\u00a0konkr\u00e9tn\u00ed svatby ne\u017e t\u0159eba portr\u00e9ty \u010di p\u0159\u00edrodu, jeliko\u017e se jedn\u00e1 o velmi specifick\u00e9 focen\u00ed a skv\u011bl\u00fd portr\u00e9tn\u00ed fotograf nemus\u00ed zvl\u00e1dnout skv\u011ble vyfotit i svatbu. Pokud se v\u00e1m l\u00edb\u00ed styl focen\u00ed, m\u016f\u017eete s\u00a0fotografem za\u010d\u00edt jednat. Pokud ne, ruce pry\u010d a hledejte d\u00e1le. Nespol\u00e9hejte se na to, \u017ee v\u00e1m fotograf \u0159ekne, \u017ee to vyfot\u00ed podle va\u0161ich p\u0159edstav.2.\u00a0\u00a0\u00a0\u00a0\u00a0\u00a0 Podle zku\u0161enost\u00ed s\u00a0focen\u00edmNa to pozor! Ne v\u017edy zku\u0161en\u00fd fotograf znamen\u00e1 dobr\u00fd fotograf. M\u016f\u017ee v\u00e1m t\u0159eba \u0159\u00edct, \u017ee svatby fot\u00ed u\u017e deset let, ale jakmile v\u00e1m uk\u00e1\u017ee jeho fotky, zjist\u00edte, \u017ee se v\u00e1m nel\u00edb\u00ed, nebo \u017ee se v\u016fbec nepodobaj\u00ed fotk\u00e1m n\u011bkoho zku\u0161en\u00e9ho. Stejn\u011b tak, amat\u00e9r, kter\u00fd teprve zkou\u0161\u00ed sv\u00e9 mo\u017enosti, m\u016f\u017ee m\u00edt kr\u00e1sn\u00e9 svatebn\u00ed fotky.3.\u00a0\u00a0\u00a0\u00a0\u00a0\u00a0 CenaA samoz\u0159ejm\u011b cena, za kterou fotograf svatbu nafot\u00ed, je tak\u00e9 velmi d\u016fle\u017eit\u00e1. I zde plat\u00ed, \u017ee kvalitn\u00ed fotograf nemus\u00ed nutn\u011b b\u00fdt ten nejdra\u017e\u0161\u00ed. V\u011bt\u0161inou opravdu dob\u0159\u00ed fotografov\u00e9 znaj\u00ed svou cenu a ta \u010dasto neb\u00fdv\u00e1 n\u00edzk\u00e1. Ob\u010das se objev\u00ed n\u011bjak\u00fd amat\u00e9r, kter\u00fd se cenov\u011b sna\u017e\u00ed profesion\u00e1l\u016fm vyrovnat, tak\u017ee je dobr\u00e9 si to ov\u011b\u0159it (v\u011bt\u0161inou to pozn\u00e1te na prvn\u00ed pohled podle komunikace, fotek, vzhledu str\u00e1nek apod.).V\u017edy se p\u0159edem domluvte na celkov\u00e9 cen\u011b, zda bude cht\u00edt doplatek nap\u0159\u00edklad za cestovn\u00e9 i na tom, kolik fotografi\u00ed z\u00a0focen\u00ed bude, kolik v\u00e1m nap\u0159\u00edklad dod\u00e1 na DVD, kolik vyti\u0161t\u011bn\u00e9 apod. Cena fotografa se bude v\u011bt\u0161inou odv\u00edjet od po\u010dtu nafocen\u00fdch sn\u00edmk\u016f, ale tak\u00e9 od toho, zda bude muset z\u016fstat cel\u00fd den, nebo jen na ob\u0159ad. Mnoho fotograf\u016f s\u00a0sebou bere asistenty a jejich zaplacen\u00ed je \u010d\u00e1ste\u010dn\u011b zapo\u010d\u00edtan\u00e9 i v\u00a0cen\u011b.                                                                                                                                                                                                                                                                                                                                                                                        4.3\/5 - (7 votes)        "},{"@context":"https:\/\/schema.org\/","@type":"BreadcrumbList","itemListElement":[{"@type":"ListItem","position":1,"name":"Zaznamenejte si v\u00e1\u0161 velk\u00fd den","item":"https:\/\/www.dpress.cz\/zaznamenejte-si-vas-velky-den\/#breadcrumbitem"}]}]